{"id":4157,"date":"2022-08-15T16:15:29","date_gmt":"2022-08-15T14:15:29","guid":{"rendered":"http:\/\/medrassadudesert.org\/?p=4157"},"modified":"2022-08-15T16:18:48","modified_gmt":"2022-08-15T14:18:48","slug":"sur-le-terrain-2021","status":"publish","type":"post","link":"https:\/\/medrassadudesert.org\/index.php\/2022\/08\/15\/sur-le-terrain-2021\/","title":{"rendered":"Sur le terrain &#8211; 2021"},"content":{"rendered":"<h2><span style=\"color: #0000ff;\"><strong>C&rsquo;est reparti : <em style=\"font-weight: bold;\">2 missions cette ann\u00e9e<\/em><\/strong><\/span><\/h2>\n<p><span style=\"color: #993300;\"><strong><em>La priorit\u00e9 est de renouer le contact avec les d\u00e9cideurs locaux apr\u00e8s 18 mois d\u2019absence sur le terrain.<\/em><\/strong><\/span><\/p>\n<p><span style=\"color: #993300;\"><strong><em>Ensuite de reprendre le projet de creusement du puit de Tekemeret<\/em><\/strong><\/span><\/p>\n<p><strong><em><span style=\"color: #993300;\">Enfin, d\u2019engager le projet de fabrication de mobilier scolaire<\/span>.<\/em><\/strong><\/p>\n<h2 style=\"text-align: center;\"><span style=\"color: #0000ff;\">~~~~~~~~~~<\/span><\/h2>\n<p><strong><em>\u00a0<\/em><\/strong><span style=\"color: #008000;\"><strong><em>TEKEMERETT :<\/em><\/strong><\/span><\/p>\n<p>L&rsquo;\u00e9tude technique de faisabilit\u00e9 sur le terrain avec un prestataire \u00e9tait pr\u00e9vue en mai-juin, au moment o\u00f9 le niveau des nappes ou retenues d&rsquo;eau souterraines est au plus bas. Il n\u2019a pas plu cet \u00e9t\u00e9 (hivernage), et le prestataire n\u2019a pas pu venir au village au moment de la mission en septembre \u00e9tant mobilis\u00e9 sur un gros chantier vers Ain Savra, bien loin de l\u00e0.<\/p>\n<p>Nous sommes all\u00e9s \u00e0 Tekemerett en d\u00e9cembre, rencontrer les villageois pour leur expliquer les raisons de ce retard concernant le puit.<\/p>\n<p>Nous avons d\u00e9cid\u00e9 d\u2019utiliser le stock de mat\u00e9riaux d\u00e9pos\u00e9 d\u00e9but 2020 pour construire un petit\u00a0 barrage et permettre une plus grande retenue d\u2019eau. Fait de pierres, de grillage et de ciment il fonctionne bien et stocke plus du triple d\u2019eau qu\u2019auparavant issu de r\u00e9surgence venant du plateau granitique assurant ainsi plus d\u2019autonomie aux villageois.<\/p>\n<p>Cette visite a \u00e9t\u00e9 l\u2019occasion de constater que les r\u00e9parations faites en 2018 et 2019 sur l\u2019\u00e9cole ont tenues et que les habitants et le nouveau directeur ont pris soin de leur \u00e9cole et respect\u00e9s notre investissement. Ce n\u2019est pas le cas partout.<\/p>\n<h3><span style=\"color: #008000;\"><strong><em>MOBILIER SCOLAIRE :<\/em><\/strong><\/span><\/h3>\n<p>Apr\u00e8s avoir fait livrer 60 pupitres achet\u00e9s \u00e0 Nouakchott (\u00e0 distance) en 2020 et \u00e9quip\u00e9 2 \u00e9coles, nous avons voulus engager la r\u00e9paration de pupitres cass\u00e9s entrepos\u00e9s sur diff\u00e9rents sites, dont pr\u00e8s de 50 sur le site de Kenawal. Ce nouveau projet r\u00e9sulte des \u00e9changes avec la Nouvelle DREN et l\u2019IDEN d\u2019ATAR, \u00e0 partir d\u2019un \u00e9tat des lieux que nous avions demand\u00e9s d\u00e8s 2019<\/p>\n<p>Force est de constater en septembre que la ferraille de ces pupitres est tr\u00e8s endommag\u00e9e et qu\u2019elle est bien trop l\u00e9g\u00e8re (ce qui explique en partie le taux de mobilier inutilisable).<\/p>\n<p>Nous avons alors achet\u00e9 en septembre, des planches, des corni\u00e8res et fait fabriquer 30 pupitres que nous avons pu installer avant le retour. Nous avons pass\u00e9s commande de mat\u00e9riaux pour engager une nouvelle fabrication de 44 pupitres suppl\u00e9mentaires \u00e0 r\u00e9aliser entre les deux missions. Cette commande est aussi faite pour nous \u00e9viter un surco\u00fbt trop important au regard de la flamb\u00e9e des prix qui commen\u00e7ait \u00e0 se faire sentir.<\/p>\n<p>En d\u00e9cembre, les pupitres sont pr\u00eats mais il manque des \u00e9crous et boulons (rupture de stock). Nous les trouvons \u00e0 Nouakchott.<\/p>\n<p>Nous repassons une commande et engageons la fabrication de 60 pupitres suppl\u00e9mentaires qui seront tous distribu\u00e9s dans diff\u00e9rents \u00e9tablissements avant la fin de la mission d\u00e9but janvier 2022 soit un total de 134 pupitres.<\/p>\n<p>Les mobiliers sont un peu plus grands que la norme (130 cm de large au lieu de 110) mais ils permettent d\u2019assoir 3 enfants par table.<\/p>\n<p>Le co\u00fbt pr\u00e9visionnel estimatif (BP 2020) \u00e9tait de 26,60 \u20ac par pupitre (13,30 par \u00e9l\u00e8ve). L\u2019augmentation des co\u00fbts (m\u00e9tal, bois, gasoil, etc..) porte le co\u00fbt de r\u00e9alisation \u00e0 37,78 par pupitre mais avec 3 \u00e9l\u00e8ves par poste, le co\u00fbt unitaire par enfant est de 12,59 \u20ac.<\/p>\n","protected":false},"excerpt":{"rendered":"<p>C&rsquo;est reparti : 2 missions cette ann\u00e9e La priorit\u00e9 est de renouer le contact avec les d\u00e9cideurs locaux apr\u00e8s 18 mois d\u2019absence sur le terrain. Ensuite de reprendre le projet de creusement du puit de Tekemeret Enfin, d\u2019engager le projet de fabrication de mobilier scolaire. ~~~~~~~~~~ \u00a0TEKEMERETT : L&rsquo;\u00e9tude technique de faisabilit\u00e9 sur le terrain [&hellip;]<\/p>\n","protected":false},"author":2,"featured_media":0,"comment_status":"open","ping_status":"open","sticky":false,"template":"","format":"standard","meta":{"_monsterinsights_skip_tracking":false,"_monsterinsights_sitenote_active":false,"_monsterinsights_sitenote_note":"","_monsterinsights_sitenote_category":0,"footnotes":""},"categories":[1],"tags":[],"class_list":["post-4157","post","type-post","status-publish","format-standard","hentry","category-carte"],"yoast_head":"<!-- This site is optimized with the Yoast SEO plugin v27.5 - https:\/\/yoast.com\/product\/yoast-seo-wordpress\/ -->\n<title>Sur le terrain - 2021 - ONG MEDRASSA DU DESERT<\/title>\n<meta name=\"description\" content=\"reprise d&#039;activit\u00e9s en 2021\" \/>\n<meta name=\"robots\" content=\"index, follow, max-snippet:-1, max-image-preview:large, max-video-preview:-1\" \/>\n<link rel=\"canonical\" href=\"https:\/\/medrassadudesert.org\/index.php\/2022\/08\/15\/sur-le-terrain-2021\/\" \/>\n<meta property=\"og:locale\" content=\"fr_FR\" \/>\n<meta property=\"og:type\" content=\"article\" \/>\n<meta property=\"og:title\" content=\"Sur le terrain - 2021 - ONG MEDRASSA DU DESERT\" \/>\n<meta property=\"og:description\" content=\"reprise d&#039;activit\u00e9s en 2021\" \/>\n<meta property=\"og:url\" content=\"https:\/\/medrassadudesert.org\/index.php\/2022\/08\/15\/sur-le-terrain-2021\/\" \/>\n<meta property=\"og:site_name\" content=\"ONG MEDRASSA DU DESERT\" \/>\n<meta property=\"article:publisher\" content=\"https:\/\/fr-fr.facebook.com\/ONGMDD\/\" \/>\n<meta property=\"article:published_time\" content=\"2022-08-15T14:15:29+00:00\" \/>\n<meta property=\"article:modified_time\" content=\"2022-08-15T14:18:48+00:00\" \/>\n<meta name=\"author\" content=\"Philippe MARCEL\" \/>\n<meta name=\"twitter:card\" content=\"summary_large_image\" \/>\n<meta name=\"twitter:label1\" content=\"\u00c9crit par\" \/>\n\t<meta name=\"twitter:data1\" content=\"Philippe MARCEL\" \/>\n\t<meta name=\"twitter:label2\" content=\"Dur\u00e9e de lecture estim\u00e9e\" \/>\n\t<meta name=\"twitter:data2\" content=\"3 minutes\" \/>\n<script type=\"application\/ld+json\" class=\"yoast-schema-graph\">{\"@context\":\"https:\\\/\\\/schema.org\",\"@graph\":[{\"@type\":\"Article\",\"@id\":\"https:\\\/\\\/medrassadudesert.org\\\/index.php\\\/2022\\\/08\\\/15\\\/sur-le-terrain-2021\\\/#article\",\"isPartOf\":{\"@id\":\"https:\\\/\\\/medrassadudesert.org\\\/index.php\\\/2022\\\/08\\\/15\\\/sur-le-terrain-2021\\\/\"},\"author\":{\"name\":\"Philippe MARCEL\",\"@id\":\"https:\\\/\\\/medrassadudesert.org\\\/#\\\/schema\\\/person\\\/6c365339dc9623850606f04173385587\"},\"headline\":\"Sur le terrain &#8211; 2021\",\"datePublished\":\"2022-08-15T14:15:29+00:00\",\"dateModified\":\"2022-08-15T14:18:48+00:00\",\"mainEntityOfPage\":{\"@id\":\"https:\\\/\\\/medrassadudesert.org\\\/index.php\\\/2022\\\/08\\\/15\\\/sur-le-terrain-2021\\\/\"},\"wordCount\":560,\"commentCount\":0,\"articleSection\":[\"CARTE\"],\"inLanguage\":\"fr-FR\",\"potentialAction\":[{\"@type\":\"CommentAction\",\"name\":\"Comment\",\"target\":[\"https:\\\/\\\/medrassadudesert.org\\\/index.php\\\/2022\\\/08\\\/15\\\/sur-le-terrain-2021\\\/#respond\"]}]},{\"@type\":\"WebPage\",\"@id\":\"https:\\\/\\\/medrassadudesert.org\\\/index.php\\\/2022\\\/08\\\/15\\\/sur-le-terrain-2021\\\/\",\"url\":\"https:\\\/\\\/medrassadudesert.org\\\/index.php\\\/2022\\\/08\\\/15\\\/sur-le-terrain-2021\\\/\",\"name\":\"Sur le terrain - 2021 - ONG MEDRASSA DU DESERT\",\"isPartOf\":{\"@id\":\"https:\\\/\\\/medrassadudesert.org\\\/#website\"},\"datePublished\":\"2022-08-15T14:15:29+00:00\",\"dateModified\":\"2022-08-15T14:18:48+00:00\",\"author\":{\"@id\":\"https:\\\/\\\/medrassadudesert.org\\\/#\\\/schema\\\/person\\\/6c365339dc9623850606f04173385587\"},\"description\":\"reprise d'activit\u00e9s en 2021\",\"breadcrumb\":{\"@id\":\"https:\\\/\\\/medrassadudesert.org\\\/index.php\\\/2022\\\/08\\\/15\\\/sur-le-terrain-2021\\\/#breadcrumb\"},\"inLanguage\":\"fr-FR\",\"potentialAction\":[{\"@type\":\"ReadAction\",\"target\":[\"https:\\\/\\\/medrassadudesert.org\\\/index.php\\\/2022\\\/08\\\/15\\\/sur-le-terrain-2021\\\/\"]}]},{\"@type\":\"BreadcrumbList\",\"@id\":\"https:\\\/\\\/medrassadudesert.org\\\/index.php\\\/2022\\\/08\\\/15\\\/sur-le-terrain-2021\\\/#breadcrumb\",\"itemListElement\":[{\"@type\":\"ListItem\",\"position\":1,\"name\":\"Accueil\",\"item\":\"https:\\\/\\\/medrassadudesert.org\\\/\"},{\"@type\":\"ListItem\",\"position\":2,\"name\":\"Sur le terrain &#8211; 2021\"}]},{\"@type\":\"WebSite\",\"@id\":\"https:\\\/\\\/medrassadudesert.org\\\/#website\",\"url\":\"https:\\\/\\\/medrassadudesert.org\\\/\",\"name\":\"ONG MEDRASSA DU DESERT\",\"description\":\"Am\u00e9liorer la scolarit\u00e9 &amp; la sant\u00e9 des enfants du d\u00e9sert mauritanien\",\"potentialAction\":[{\"@type\":\"SearchAction\",\"target\":{\"@type\":\"EntryPoint\",\"urlTemplate\":\"https:\\\/\\\/medrassadudesert.org\\\/?s={search_term_string}\"},\"query-input\":{\"@type\":\"PropertyValueSpecification\",\"valueRequired\":true,\"valueName\":\"search_term_string\"}}],\"inLanguage\":\"fr-FR\"},{\"@type\":\"Person\",\"@id\":\"https:\\\/\\\/medrassadudesert.org\\\/#\\\/schema\\\/person\\\/6c365339dc9623850606f04173385587\",\"name\":\"Philippe MARCEL\",\"image\":{\"@type\":\"ImageObject\",\"inLanguage\":\"fr-FR\",\"@id\":\"https:\\\/\\\/secure.gravatar.com\\\/avatar\\\/50489ced1783fef1b30d1845f7b7e73e8ac409408d99c05217d9846bf6cd1f43?s=96&d=mm&r=g\",\"url\":\"https:\\\/\\\/secure.gravatar.com\\\/avatar\\\/50489ced1783fef1b30d1845f7b7e73e8ac409408d99c05217d9846bf6cd1f43?s=96&d=mm&r=g\",\"contentUrl\":\"https:\\\/\\\/secure.gravatar.com\\\/avatar\\\/50489ced1783fef1b30d1845f7b7e73e8ac409408d99c05217d9846bf6cd1f43?s=96&d=mm&r=g\",\"caption\":\"Philippe MARCEL\"}}]}<\/script>\n<!-- \/ Yoast SEO plugin. -->","yoast_head_json":{"title":"Sur le terrain - 2021 - ONG MEDRASSA DU DESERT","description":"reprise d'activit\u00e9s en 2021","robots":{"index":"index","follow":"follow","max-snippet":"max-snippet:-1","max-image-preview":"max-image-preview:large","max-video-preview":"max-video-preview:-1"},"canonical":"https:\/\/medrassadudesert.org\/index.php\/2022\/08\/15\/sur-le-terrain-2021\/","og_locale":"fr_FR","og_type":"article","og_title":"Sur le terrain - 2021 - ONG MEDRASSA DU DESERT","og_description":"reprise d'activit\u00e9s en 2021","og_url":"https:\/\/medrassadudesert.org\/index.php\/2022\/08\/15\/sur-le-terrain-2021\/","og_site_name":"ONG MEDRASSA DU DESERT","article_publisher":"https:\/\/fr-fr.facebook.com\/ONGMDD\/","article_published_time":"2022-08-15T14:15:29+00:00","article_modified_time":"2022-08-15T14:18:48+00:00","author":"Philippe MARCEL","twitter_card":"summary_large_image","twitter_misc":{"\u00c9crit par":"Philippe MARCEL","Dur\u00e9e de lecture estim\u00e9e":"3 minutes"},"schema":{"@context":"https:\/\/schema.org","@graph":[{"@type":"Article","@id":"https:\/\/medrassadudesert.org\/index.php\/2022\/08\/15\/sur-le-terrain-2021\/#article","isPartOf":{"@id":"https:\/\/medrassadudesert.org\/index.php\/2022\/08\/15\/sur-le-terrain-2021\/"},"author":{"name":"Philippe MARCEL","@id":"https:\/\/medrassadudesert.org\/#\/schema\/person\/6c365339dc9623850606f04173385587"},"headline":"Sur le terrain &#8211; 2021","datePublished":"2022-08-15T14:15:29+00:00","dateModified":"2022-08-15T14:18:48+00:00","mainEntityOfPage":{"@id":"https:\/\/medrassadudesert.org\/index.php\/2022\/08\/15\/sur-le-terrain-2021\/"},"wordCount":560,"commentCount":0,"articleSection":["CARTE"],"inLanguage":"fr-FR","potentialAction":[{"@type":"CommentAction","name":"Comment","target":["https:\/\/medrassadudesert.org\/index.php\/2022\/08\/15\/sur-le-terrain-2021\/#respond"]}]},{"@type":"WebPage","@id":"https:\/\/medrassadudesert.org\/index.php\/2022\/08\/15\/sur-le-terrain-2021\/","url":"https:\/\/medrassadudesert.org\/index.php\/2022\/08\/15\/sur-le-terrain-2021\/","name":"Sur le terrain - 2021 - ONG MEDRASSA DU DESERT","isPartOf":{"@id":"https:\/\/medrassadudesert.org\/#website"},"datePublished":"2022-08-15T14:15:29+00:00","dateModified":"2022-08-15T14:18:48+00:00","author":{"@id":"https:\/\/medrassadudesert.org\/#\/schema\/person\/6c365339dc9623850606f04173385587"},"description":"reprise d'activit\u00e9s en 2021","breadcrumb":{"@id":"https:\/\/medrassadudesert.org\/index.php\/2022\/08\/15\/sur-le-terrain-2021\/#breadcrumb"},"inLanguage":"fr-FR","potentialAction":[{"@type":"ReadAction","target":["https:\/\/medrassadudesert.org\/index.php\/2022\/08\/15\/sur-le-terrain-2021\/"]}]},{"@type":"BreadcrumbList","@id":"https:\/\/medrassadudesert.org\/index.php\/2022\/08\/15\/sur-le-terrain-2021\/#breadcrumb","itemListElement":[{"@type":"ListItem","position":1,"name":"Accueil","item":"https:\/\/medrassadudesert.org\/"},{"@type":"ListItem","position":2,"name":"Sur le terrain &#8211; 2021"}]},{"@type":"WebSite","@id":"https:\/\/medrassadudesert.org\/#website","url":"https:\/\/medrassadudesert.org\/","name":"ONG MEDRASSA DU DESERT","description":"Am\u00e9liorer la scolarit\u00e9 &amp; la sant\u00e9 des enfants du d\u00e9sert mauritanien","potentialAction":[{"@type":"SearchAction","target":{"@type":"EntryPoint","urlTemplate":"https:\/\/medrassadudesert.org\/?s={search_term_string}"},"query-input":{"@type":"PropertyValueSpecification","valueRequired":true,"valueName":"search_term_string"}}],"inLanguage":"fr-FR"},{"@type":"Person","@id":"https:\/\/medrassadudesert.org\/#\/schema\/person\/6c365339dc9623850606f04173385587","name":"Philippe MARCEL","image":{"@type":"ImageObject","inLanguage":"fr-FR","@id":"https:\/\/secure.gravatar.com\/avatar\/50489ced1783fef1b30d1845f7b7e73e8ac409408d99c05217d9846bf6cd1f43?s=96&d=mm&r=g","url":"https:\/\/secure.gravatar.com\/avatar\/50489ced1783fef1b30d1845f7b7e73e8ac409408d99c05217d9846bf6cd1f43?s=96&d=mm&r=g","contentUrl":"https:\/\/secure.gravatar.com\/avatar\/50489ced1783fef1b30d1845f7b7e73e8ac409408d99c05217d9846bf6cd1f43?s=96&d=mm&r=g","caption":"Philippe MARCEL"}}]}},"_links":{"self":[{"href":"https:\/\/medrassadudesert.org\/index.php\/wp-json\/wp\/v2\/posts\/4157","targetHints":{"allow":["GET"]}}],"collection":[{"href":"https:\/\/medrassadudesert.org\/index.php\/wp-json\/wp\/v2\/posts"}],"about":[{"href":"https:\/\/medrassadudesert.org\/index.php\/wp-json\/wp\/v2\/types\/post"}],"author":[{"embeddable":true,"href":"https:\/\/medrassadudesert.org\/index.php\/wp-json\/wp\/v2\/users\/2"}],"replies":[{"embeddable":true,"href":"https:\/\/medrassadudesert.org\/index.php\/wp-json\/wp\/v2\/comments?post=4157"}],"version-history":[{"count":7,"href":"https:\/\/medrassadudesert.org\/index.php\/wp-json\/wp\/v2\/posts\/4157\/revisions"}],"predecessor-version":[{"id":4164,"href":"https:\/\/medrassadudesert.org\/index.php\/wp-json\/wp\/v2\/posts\/4157\/revisions\/4164"}],"wp:attachment":[{"href":"https:\/\/medrassadudesert.org\/index.php\/wp-json\/wp\/v2\/media?parent=4157"}],"wp:term":[{"taxonomy":"category","embeddable":true,"href":"https:\/\/medrassadudesert.org\/index.php\/wp-json\/wp\/v2\/categories?post=4157"},{"taxonomy":"post_tag","embeddable":true,"href":"https:\/\/medrassadudesert.org\/index.php\/wp-json\/wp\/v2\/tags?post=4157"}],"curies":[{"name":"wp","href":"https:\/\/api.w.org\/{rel}","templated":true}]}}